{"id":1660,"date":"2023-12-06T09:16:53","date_gmt":"2023-12-06T08:16:53","guid":{"rendered":"https:\/\/www.interankiety.pl\/blog\/?p=1660"},"modified":"2024-06-26T10:37:15","modified_gmt":"2024-06-26T08:37:15","slug":"jak-postepowac-z-depresja","status":"publish","type":"post","link":"https:\/\/www.interankiety.pl\/blog\/jak-postepowac-z-depresja\/","title":{"rendered":"Jak post\u0119powa\u0107 z depresj\u0105? Skuteczne strategie i porady"},"content":{"rendered":"\n<figure class=\"wp-block-image size-large is-resized\"><img loading=\"lazy\" decoding=\"async\" src=\"https:\/\/www.interankiety.pl\/blog\/wp-content\/uploads\/2023\/12\/jak-postepowac-z-depresja-700x362.png\" alt=\"Odkryj skuteczne kroki w walce z depresj\u0105. Zrozumienie, wsparcie, profesjonalna pomoc \u2013 kluczowe elementy na drodze do zdrowia psychicznego.\" class=\"wp-image-1663\" style=\"width:840px;height:434px\" width=\"840\" height=\"434\" srcset=\"https:\/\/www.interankiety.pl\/blog\/wp-content\/uploads\/2023\/12\/jak-postepowac-z-depresja-700x362.png 700w, https:\/\/www.interankiety.pl\/blog\/wp-content\/uploads\/2023\/12\/jak-postepowac-z-depresja-300x155.png 300w, https:\/\/www.interankiety.pl\/blog\/wp-content\/uploads\/2023\/12\/jak-postepowac-z-depresja-768x397.png 768w, https:\/\/www.interankiety.pl\/blog\/wp-content\/uploads\/2023\/12\/jak-postepowac-z-depresja-1536x794.png 1536w, https:\/\/www.interankiety.pl\/blog\/wp-content\/uploads\/2023\/12\/jak-postepowac-z-depresja.png 1935w\" sizes=\"auto, (max-width: 840px) 100vw, 840px\" \/><figcaption class=\"wp-element-caption\">Odkryj skuteczne kroki w walce z depresj\u0105. Zrozumienie, wsparcie, profesjonalna pomoc \u2013 kluczowe elementy na drodze do zdrowia psychicznego.<\/figcaption><\/figure>\n\n\n\n<p>Depresja to powa\u017cne wyzwanie zdrowotne, kt\u00f3re dotyka coraz wi\u0119ksz\u0105 liczb\u0119 os\u00f3b na ca\u0142ym \u015bwiecie. Jednak istniej\u0105 innowacyjne podej\u015bcia, kt\u00f3re wykorzystuj\u0105 technologi\u0119, aby pom\u00f3c w wykrywaniu i zwalczaniu tego schorzenia. Interankiety, opracowa\u0142a metod\u0119 wykrywania wypalenia zawodowego i depresji za pomoc\u0105 <a href=\"http:\/\/www.interankiety.pl\/kreator-ankiet\/\">ankiet online<\/a> i sztucznej inteligencji. Ale co mo\u017cemy zrobi\u0107 na co dzie\u0144, aby chroni\u0107 nasze zdrowie psychiczne?<\/p>\n\n\n\n<h2 class=\"wp-block-heading\">Czym jest depresja?<\/h2>\n\n\n\n<p><strong>Depresja to powa\u017cne zaburzenie psychiczne, kt\u00f3re wywiera znacz\u0105cy wp\u0142yw na codzienne funkcjonowanie i jako\u015b\u0107 \u017cycia osoby dotkni\u0119tej tym stanem. Charakteryzuje si\u0119 ona uczuciem g\u0142\u0119bokiego, przewlek\u0142ego smutku, co cz\u0119sto towarzyszy poczucie bezradno\u015bci oraz utrata zainteresowania i rado\u015bci z \u017cycia.<\/strong> Dodatkowo, osoba zmagaj\u0105ca si\u0119 z depresj\u0105 do\u015bwiadcza spadku energii, co przek\u0142ada si\u0119 na og\u00f3lne znu\u017cenie i brak motywacji do podejmowania jakichkolwiek dzia\u0142a\u0144. Zaburzenia koncentracji, problemy ze snem &#8211; takie jak bezsenno\u015b\u0107 lub nadmierna senno\u015b\u0107, a tak\u017ce znaczne zmiany w apetycie, cz\u0119sto prowadz\u0105ce do niezdrowej utraty lub przyrostu masy cia\u0142a, to inne typowe objawy depresji. Wp\u0142yw depresji na zdolno\u015b\u0107 do funkcjonowania w codziennym \u017cyciu jest ogromny, a w skrajnych przypadkach mo\u017ce prowadzi\u0107 do my\u015bli samob\u00f3jczych, co podkre\u015bla powag\u0119 i powa\u017cno\u015b\u0107 tego zaburzenia.<\/p>\n\n\n\n<h2 class=\"wp-block-heading\">Jak diagnozowa\u0107 depresj\u0119?<\/h2>\n\n\n\n<p>Diagnoza depresji powinna by\u0107 postawiona przez profesjonalist\u0119, takiego jak psychiatra czy psycholog. Kluczowe kryteria diagnostyczne obejmuj\u0105 utrat\u0119 zainteresowa\u0144 \u017cyciem, obni\u017cenie nastroju przez wi\u0119kszo\u015b\u0107 dni (przez co najmniej dwa tygodnie), a tak\u017ce inne objawy, takie jak zmiany w apetycie, senno\u015b\u0107 lub bezsenno\u015b\u0107, uczucie zm\u0119czenia, poczucie bezwarto\u015bciowo\u015bci czy my\u015bli samob\u00f3jcze.<\/p>\n\n\n\n<h2 class=\"wp-block-heading\">Jak poradzi\u0107 sobie z depresj\u0105?<\/h2>\n\n\n\n<ol class=\"wp-block-list\">\n<li><strong>Znalezienie profesjonalnej pomocy:<\/strong> Skonsultuj si\u0119 z lekarzem psychiatr\u0105 lub psychologiem. Specjalista mo\u017ce zaleci\u0107 terapi\u0119 psychofarmakologiczn\u0105, psychoterapi\u0119 lub po\u0142\u0105czenie obu.<\/li>\n\n\n\n<li><strong>Terapia psychologiczna:<\/strong> Psychoterapia, zw\u0142aszcza kognitywno-behawioralna, mo\u017ce by\u0107 skutecznym narz\u0119dziem w radzeniu sobie z depresj\u0105. Pomaga ona identyfikowa\u0107 szkodliwe wzorce my\u015blowe i zmienia\u0107 je na bardziej konstruktywne.<\/li>\n\n\n\n<li><strong>Farmakoterapia:<\/strong> Leki przeciwdepresyjne mog\u0105 by\u0107 skuteczne w \u0142agodzeniu objaw\u00f3w depresji. Jednak ich stosowanie powinno by\u0107 monitorowane przez lekarza.<\/li>\n\n\n\n<li><strong>Aktywno\u015b\u0107 fizyczna:<\/strong> Regularna aktywno\u015b\u0107 fizyczna ma udowodnione korzy\u015bci dla zdrowia psychicznego. \u0106wiczenia fizyczne mog\u0105 poprawi\u0107 nastr\u00f3j, redukowa\u0107 stres i zwi\u0119ksza\u0107 energi\u0119.<\/li>\n<\/ol>\n\n\n\n<blockquote class=\"wp-block-quote is-layout-flow wp-block-quote-is-layout-flow\">\n<p><em>Abraham Lincoln walczy\u0142 z tym, co dzi\u015b rozumiemy jako depresj\u0119. Traktowa\u0142 pisanie jako form\u0119 terapii, przelewaj\u0105c swoje najg\u0142\u0119bsze uczucia na s\u0142owa.<\/em><\/p>\n<\/blockquote>\n\n\n\n<h2 class=\"wp-block-heading\">Jak pom\u00f3c osobie z depresj\u0105?<\/h2>\n\n\n\n<ol class=\"wp-block-list\">\n<li><strong>B\u0105d\u017a empatyczny:<\/strong> S\u0142uchaj bez os\u0105dzania, okazywania zrozumienia i empatii. Czasami samo dzielenie si\u0119 uczuciami mo\u017ce pom\u00f3c osobie zmagaj\u0105cej si\u0119 z depresj\u0105.<\/li>\n\n\n\n<li><strong>Zach\u0119caj do profesjonalnej pomocy:<\/strong> Pom\u00f3\u017c osobie z depresj\u0105 zrozumie\u0107, \u017ce szukanie pomocy profesjonalnej jest wa\u017cne i nie oznacza s\u0142abo\u015bci.<\/li>\n\n\n\n<li><strong>Oferuj wsparcie praktyczne:<\/strong> W miar\u0119 mo\u017cliwo\u015bci pomagaj w codziennych zadaniach, kt\u00f3re dla osoby z depresj\u0105 mog\u0105 by\u0107 trudniejsze do wykonania.<\/li>\n\n\n\n<li><strong>B\u0105d\u017a cierpliwy:<\/strong> Proces leczenia depresji wymaga czasu. B\u0105d\u017a cierpliwy i wspieraj blisk\u0105 osob\u0119 nawet w trudnych chwilach.<\/li>\n\n\n\n<li><strong>Zach\u0119caj do zdrowych zwyczaj\u00f3w:<\/strong> Pom\u00f3\u017c w zach\u0119caniu do aktywno\u015bci fizycznej, zdrowej diety i innych zdrowych nawyk\u00f3w.<\/li>\n<\/ol>\n\n\n\n<h2 class=\"wp-block-heading\">Depresja w\u015br\u00f3d pracownik\u00f3w<\/h2>\n\n\n\n<p>W kontek\u015bcie wypalenia zawodowego, depresja mo\u017ce stanowi\u0107 znacz\u0105cy problem dla pracownik\u00f3w, poniewa\u017c te dwa zagadnienia cz\u0119sto wzajemnie si\u0119 przenikaj\u0105. <a href=\"https:\/\/www.interankiety.pl\/blog\/wypalenie-zawodowe\">Wypalenie zawodowe<\/a>, to stan psychiczny wynikaj\u0105cy z chronicznego stresu zwi\u0105zanego z prac\u0105. Obejmuje on uczucie przem\u0119czenia, braku satysfakcji z pracy, a tak\u017ce obni\u017con\u0105 efektywno\u015b\u0107 zawodow\u0105.<\/p>\n\n\n\n<figure class=\"wp-block-image size-large is-resized\"><img loading=\"lazy\" decoding=\"async\" src=\"https:\/\/www.interankiety.pl\/blog\/wp-content\/uploads\/2023\/12\/powazne-epizody-depresji-interankiety-700x350.png\" alt=\"\" class=\"wp-image-1664\" style=\"width:841px;height:421px\" width=\"841\" height=\"421\" srcset=\"https:\/\/www.interankiety.pl\/blog\/wp-content\/uploads\/2023\/12\/powazne-epizody-depresji-interankiety-700x350.png 700w, https:\/\/www.interankiety.pl\/blog\/wp-content\/uploads\/2023\/12\/powazne-epizody-depresji-interankiety-300x150.png 300w, https:\/\/www.interankiety.pl\/blog\/wp-content\/uploads\/2023\/12\/powazne-epizody-depresji-interankiety-768x384.png 768w, https:\/\/www.interankiety.pl\/blog\/wp-content\/uploads\/2023\/12\/powazne-epizody-depresji-interankiety-1536x768.png 1536w, https:\/\/www.interankiety.pl\/blog\/wp-content\/uploads\/2023\/12\/powazne-epizody-depresji-interankiety-2048x1024.png 2048w\" sizes=\"auto, (max-width: 841px) 100vw, 841px\" \/><figcaption class=\"wp-element-caption\">Procent powa\u017cnych epizod\u00f3w depresyjnych w ostatnik roku u os\u00f3b w wieku 18-25 lat.<\/figcaption><\/figure>\n\n\n\n<p>W ostatnim roku zauwa\u017camy niepokoj\u0105cy trend &#8211; dramatyczny wzrost liczby powa\u017cnych epizod\u00f3w depresji w\u015br\u00f3d os\u00f3b w wieku od 18 do 25 lat. Statystyki pokazuj\u0105, \u017ce coraz wi\u0119cej m\u0142odych ludzi do\u015bwiadcza trudno\u015bci z utrzymaniem dobrego stanu psychicznego.<\/p>\n\n\n\n<p>Analizuj\u0105c dane, warto zauwa\u017cy\u0107, \u017ce czynniki takie jak globalna pandemia, zmiany w \u017cyciu spo\u0142ecznym i ekonomicznym, a tak\u017ce wyzwania zwi\u0105zane z edukacj\u0105 i prac\u0105 mog\u0105 by\u0107 jednymi z kluczowych element\u00f3w wp\u0142ywaj\u0105cych na zdrowie psychiczne m\u0142odych doros\u0142ych. Wzrost ten podkre\u015bla piln\u0105 potrzeb\u0119 zwi\u0119kszenia \u015bwiadomo\u015bci na temat problem\u00f3w zdrowia psychicznego w\u015br\u00f3d tej grupy wiekowej oraz dostarczenia odpowiednich \u015brodk\u00f3w wsparcia spo\u0142ecznego i profesjonalnej pomocy. To tak\u017ce wezwanie do dzia\u0142ania na rzecz tworzenia bardziej zr\u00f3wnowa\u017conych, wspieraj\u0105cych i zdrowych \u015brodowisk, kt\u00f3re pomog\u0105 m\u0142odym ludziom radzi\u0107 sobie z wyzwaniami, z jakimi si\u0119 borykaj\u0105.<\/p>\n\n\n\n<h3 class=\"wp-block-heading\"><strong>Wzajemne powi\u0105zania mi\u0119dzy wypaleniem zawodowym a depresj\u0105:<\/strong><\/h3>\n\n\n\n<ol class=\"wp-block-list\">\n<li><strong>Wzrost ryzyka depresji:<\/strong> Osoby do\u015bwiadczaj\u0105ce wypalenia zawodowego s\u0105 bardziej nara\u017cone na rozw\u00f3j depresji. Ci\u0105g\u0142a ekspozycja na negatywne czynniki w \u015brodowisku pracy mo\u017ce wp\u0142ywa\u0107 nie tylko na sfer\u0119 zawodow\u0105, ale tak\u017ce na zdrowie psychiczne og\u00f3lnie.<\/li>\n\n\n\n<li><strong>Poczucie bezsilno\u015bci:<\/strong> Pracownicy dotkni\u0119ci wypaleniem zawodowym cz\u0119sto odczuwaj\u0105 uczucie bezsilno\u015bci i braku kontroli nad w\u0142asnym \u017cyciem zawodowym. To z kolei mo\u017ce prowadzi\u0107 do g\u0142\u0119bokiej depresji.<\/li>\n\n\n\n<li><strong>Zmiany w nastroju:<\/strong> Stale wysoki poziom stresu zwi\u0105zany z prac\u0105 mo\u017ce prowadzi\u0107 do zmian nastroju, a w rezultacie do depresji. Osoby z wypaleniem zawodowym mog\u0105 do\u015bwiadcza\u0107 uczucia przyt\u0142oczenia, beznadziejno\u015bci i apatii.<\/li>\n\n\n\n<li><strong>Spo\u0142eczna izolacja:<\/strong> Wypalenie zawodowe mo\u017ce wp\u0142ywa\u0107 na relacje spo\u0142eczne pracownika. Izolacja spo\u0142eczna to jedno z charakterystycznych objaw\u00f3w depresji, a osoby z wypaleniem zawodowym mog\u0105 wycofywa\u0107 si\u0119 zar\u00f3wno z \u017cycia zawodowego, jak i spo\u0142ecznego.<\/li>\n<\/ol>\n\n\n\n<h2 class=\"wp-block-heading\">Sposoby zapobiegania depresji w\u015br\u00f3d pracownik\u00f3w<\/h2>\n\n\n\n<p>Dzi\u0119ki wykorzystaniu zaawansowanych <a href=\"http:\/\/www.interankiety.pl\/kreator-ankiet\/\">ankiet online<\/a> oraz sztucznej inteligencji, platforma Interankiety umo\u017cliwia pracodawcom skuteczne monitorowanie kondycji psychicznej zespo\u0142u. Przez systematyczne przeprowadzanie ankiet z zakresu <a href=\"https:\/\/www.interankiety.pl\/employee-experience\/\">employee experience<\/a>, firma ma mo\u017cliwo\u015b\u0107 wczesnego wykrywania potencjalnych problem\u00f3w zwi\u0105zanych z wypaleniem zawodowym czy depresj\u0105. Zautomatyzowany proces <a href=\"https:\/\/www.interankiety.pl\/produkt#analyse\">analizy<\/a> danych umo\u017cliwia szybkie identyfikowanie obszar\u00f3w wymagaj\u0105cych uwagi, co pozwala na skierowanie odpowiednich \u015brodk\u00f3w i wsparcia w kierunku poprawy stanu psychicznego pracownik\u00f3w. Takie dzia\u0142anie stanowi zatem cenny wk\u0142ad w tworzenie zdrowszych \u015brodowisk pracy, gdzie troska o dobre samopoczucie pracownik\u00f3w jest integraln\u0105 cz\u0119\u015bci\u0105 strategii zarz\u0105dzania.<\/p>\n","protected":false},"excerpt":{"rendered":"<p>Depresja to powa\u017cne wyzwanie zdrowotne, kt\u00f3re dotyka coraz wi\u0119ksz\u0105 liczb\u0119 os\u00f3b na ca\u0142ym \u015bwiecie. Jednak istniej\u0105 innowacyjne podej\u015bcia, kt\u00f3re wykorzystuj\u0105&hellip; <a class=\"more-link\" href=\"https:\/\/www.interankiety.pl\/blog\/jak-postepowac-z-depresja\/\">Czytaj dalej <span class=\"screen-reader-text\">Jak post\u0119powa\u0107 z depresj\u0105? Skuteczne strategie i porady<\/span><\/a><\/p>\n","protected":false},"author":5,"featured_media":0,"comment_status":"closed","ping_status":"open","sticky":false,"template":"","format":"standard","meta":{"footnotes":""},"categories":[36],"tags":[22],"class_list":["post-1660","post","type-post","status-publish","format-standard","hentry","category-opinie-ekspertyzy","tag-zdrowie-psychiczne","entry"],"_links":{"self":[{"href":"https:\/\/www.interankiety.pl\/blog\/wp-json\/wp\/v2\/posts\/1660","targetHints":{"allow":["GET"]}}],"collection":[{"href":"https:\/\/www.interankiety.pl\/blog\/wp-json\/wp\/v2\/posts"}],"about":[{"href":"https:\/\/www.interankiety.pl\/blog\/wp-json\/wp\/v2\/types\/post"}],"author":[{"embeddable":true,"href":"https:\/\/www.interankiety.pl\/blog\/wp-json\/wp\/v2\/users\/5"}],"replies":[{"embeddable":true,"href":"https:\/\/www.interankiety.pl\/blog\/wp-json\/wp\/v2\/comments?post=1660"}],"version-history":[{"count":3,"href":"https:\/\/www.interankiety.pl\/blog\/wp-json\/wp\/v2\/posts\/1660\/revisions"}],"predecessor-version":[{"id":2004,"href":"https:\/\/www.interankiety.pl\/blog\/wp-json\/wp\/v2\/posts\/1660\/revisions\/2004"}],"wp:attachment":[{"href":"https:\/\/www.interankiety.pl\/blog\/wp-json\/wp\/v2\/media?parent=1660"}],"wp:term":[{"taxonomy":"category","embeddable":true,"href":"https:\/\/www.interankiety.pl\/blog\/wp-json\/wp\/v2\/categories?post=1660"},{"taxonomy":"post_tag","embeddable":true,"href":"https:\/\/www.interankiety.pl\/blog\/wp-json\/wp\/v2\/tags?post=1660"}],"curies":[{"name":"wp","href":"https:\/\/api.w.org\/{rel}","templated":true}]}}